{"id":1250,"date":"2020-03-19T15:38:17","date_gmt":"2020-03-19T14:38:17","guid":{"rendered":"https:\/\/www.tabernaklet.se\/?p=1250"},"modified":"2020-03-19T16:32:30","modified_gmt":"2020-03-19T15:32:30","slug":"vill-du-hjalpa-till","status":"publish","type":"post","link":"https:\/\/www.tabernaklet.se\/?p=1250","title":{"rendered":"Vill du hj\u00e4lpa till?"},"content":{"rendered":"\n<p>Vi befinner oss bara i b\u00f6rjan av en kris som kan h\u00e5lla p\u00e5 l\u00e4nge. Vi vet \u00e4n inte vilka nya behov vi kommer att m\u00f6ta. Vi h\u00e5ller alla \u00e4nnu p\u00e5 att l\u00e4ra oss hur vi ska hantera allt. <\/p>\n\n\n\n<p>&#8221;L\u00e4r oss&#8221; bad Jesu l\u00e4rjungar. I sj\u00e4lva verket \u00e4r det den b\u00f6nen som g\u00f6r oss till l\u00e4rjungar. Vi \u00e4r inte f\u00e4rdiga. Vi vet inte allt och kan inte allt. Men om vi \u00e4r beredda att l\u00e4ra oss kan vi v\u00e4xa och utvecklas och dessutom hitta nya v\u00e4gar.<\/p>\n\n\n\n<p>&#8221;L\u00e4r oss&#8221; ber ocks\u00e5 vi dessa dagar. &#8221;L\u00e4r oss Gud att ta hand om varandra och att tj\u00e4na v\u00e5r omgivning troget och klokt.&#8221; <\/p>\n\n\n\n<p>Vill du l\u00e4ra dig tillsammans med oss och g\u00f6ra en insats f\u00f6r m\u00e4nniskor genom v\u00e5r kyrkas arbete \u00e4r du varmt v\u00e4lkommen med i arbetslaget. Just nu ser vi f\u00f6ljande behov. \u00c5terkom g\u00e4rna till den h\u00e4r sidan l\u00e4ngre fram&#8230; n\u00e4r vi l\u00e4rt oss mer.<\/p>\n\n\n\n<h2 class=\"wp-block-heading\">Vi s\u00f6ker dig som \u00e4r beredd att ringa en medm\u00e4nniska<\/h2>\n\n\n\n<p>Vi s\u00f6ker dig som redan tillh\u00f6r v\u00e5r f\u00f6rsamling och som d\u00e4rf\u00f6r redan har en viss kontakt med v\u00e5ra \u00e4ldre. Vi vill starta upp TELEFONOMSORGEN. <strong>Vi ber dig att ringa upp och att h\u00e5lla kontakt med en grupp av v\u00e5ra \u00e4ldre<\/strong>, kanske tio personer, f\u00f6r att se hur de m\u00e5r och vad de kan beh\u00f6va hj\u00e4lp med. Du kan l\u00e4sa mer om <a href=\"https:\/\/www.tabernaklet.se\/?p=1243\">TELEFONOMSORGEN<\/a> h\u00e4r.<\/p>\n\n\n\n<h2 class=\"wp-block-heading\">Vi s\u00f6ker dig som vill g\u00f6ra en praktisk insats<\/h2>\n\n\n\n<p><strong>Vi s\u00f6ker dig som skulle kunna hj\u00e4lpa dem som har sv\u00e5rt att komma ut och handla mat just nu? <\/strong>Det kan \u00e4ven finnas andra praktiska saker att hj\u00e4lpa till med. Kontakta v\u00e5r omsorgspastor Birgitta Olsson Claesson, <a href=\"https:\/\/www.tabernaklet.se\/?page_id=54\">se kontaktuppgifter h\u00e4r<\/a>, om du k\u00e4nner att detta \u00e4r en uppgift f\u00f6r dig. <\/p>\n\n\n\n<p>Vi \u00e5terkommer&#8230;<\/p>\n","protected":false},"excerpt":{"rendered":"<p>Vi befinner oss bara i b\u00f6rjan av en kris som kan h\u00e5lla p\u00e5 l\u00e4nge. Vi vet \u00e4n inte vilka nya behov vi kommer att m\u00f6ta. Vi h\u00e5ller alla \u00e4nnu p\u00e5 att l\u00e4ra oss hur vi ska hantera allt. &#8221;L\u00e4r oss&#8221; bad Jesu l\u00e4rjungar. I sj\u00e4lva verket \u00e4r det den b\u00f6nen som g\u00f6r oss till l\u00e4rjungar. &hellip; <a href=\"https:\/\/www.tabernaklet.se\/?p=1250\" class=\"more-link\">Forts\u00e4tt l\u00e4sa<span class=\"screen-reader-text\"> \u201dVill du hj\u00e4lpa till?\u201d<\/span><\/a><\/p>\n","protected":false},"author":3,"featured_media":1251,"comment_status":"closed","ping_status":"closed","sticky":false,"template":"","format":"standard","meta":{"footnotes":""},"categories":[1],"tags":[],"class_list":["post-1250","post","type-post","status-publish","format-standard","has-post-thumbnail","hentry","category-tankvart"],"_links":{"self":[{"href":"https:\/\/www.tabernaklet.se\/index.php?rest_route=\/wp\/v2\/posts\/1250","targetHints":{"allow":["GET"]}}],"collection":[{"href":"https:\/\/www.tabernaklet.se\/index.php?rest_route=\/wp\/v2\/posts"}],"about":[{"href":"https:\/\/www.tabernaklet.se\/index.php?rest_route=\/wp\/v2\/types\/post"}],"author":[{"embeddable":true,"href":"https:\/\/www.tabernaklet.se\/index.php?rest_route=\/wp\/v2\/users\/3"}],"replies":[{"embeddable":true,"href":"https:\/\/www.tabernaklet.se\/index.php?rest_route=%2Fwp%2Fv2%2Fcomments&post=1250"}],"version-history":[{"count":0,"href":"https:\/\/www.tabernaklet.se\/index.php?rest_route=\/wp\/v2\/posts\/1250\/revisions"}],"wp:featuredmedia":[{"embeddable":true,"href":"https:\/\/www.tabernaklet.se\/index.php?rest_route=\/wp\/v2\/media\/1251"}],"wp:attachment":[{"href":"https:\/\/www.tabernaklet.se\/index.php?rest_route=%2Fwp%2Fv2%2Fmedia&parent=1250"}],"wp:term":[{"taxonomy":"category","embeddable":true,"href":"https:\/\/www.tabernaklet.se\/index.php?rest_route=%2Fwp%2Fv2%2Fcategories&post=1250"},{"taxonomy":"post_tag","embeddable":true,"href":"https:\/\/www.tabernaklet.se\/index.php?rest_route=%2Fwp%2Fv2%2Ftags&post=1250"}],"curies":[{"name":"wp","href":"https:\/\/api.w.org\/{rel}","templated":true}]}}