{"id":3480,"date":"2023-05-17T14:14:40","date_gmt":"2023-05-17T12:14:40","guid":{"rendered":"https:\/\/www.tabernaklet.se\/?p=3480"},"modified":"2023-05-17T14:14:48","modified_gmt":"2023-05-17T12:14:48","slug":"kristi-himmelsfard","status":"publish","type":"post","link":"https:\/\/www.tabernaklet.se\/?p=3480","title":{"rendered":"Kristi himmelsf\u00e4rd"},"content":{"rendered":"\n<p><strong>En helg med m\u00e5nga budskap<\/strong><br>\u00a0<br>S\u00e5 h\u00e4r ber\u00e4ttar Lukas, Apg 1:6-11: \u201dN\u00e4r de nu var samlade fr\u00e5gade de honom: \u2019Herre, \u00e4r tiden nu inne d\u00e5 du ska \u00e5teruppr\u00e4tta riket \u00e5t Israel?\u2019 Han svarade dem: \u2019Det \u00e4r inte er sak att veta vilka tider eller stunder som Fadern i sin makt har best\u00e4mt. Men n\u00e4r den helige Ande kommer \u00f6ver er, ska ni f\u00e5 kraft och bli mina vittnen i Jerusalem, i hela Judeen och Samarien och \u00e4nda till jordens yttersta gr\u00e4ns.\u2019\u00a0N\u00e4r han hade sagt detta s\u00e5g de hur han lyftes upp, och ett moln tog honom ur deras \u00e5syn. Medan de s\u00e5g mot himlen dit han steg upp, stod pl\u00f6tsligt tv\u00e5 m\u00e4n i vita kl\u00e4der hos dem. De sade: \u2019Galileer, varf\u00f6r st\u00e5r ni och ser mot himlen? Denne Jesus som togs upp fr\u00e5n er till himlen, han ska komma tillbaka p\u00e5 samma s\u00e4tt som ni s\u00e5g honom stiga upp till himlen.\u2019&#8221;<br>\u00a0<br>P\u00e5 n\u00e5got s\u00e4tt har Kristihimmelsf\u00e4rdshelgen hamnat i skymundan. Den har blivit s\u00e5 mycket annat. Kristihimmelsf\u00e4rdsdagen har till exempel sedan \u00e5r 1925 ocks\u00e5 varit Folknykterhetens dag. Det \u00e4r v\u00e4l lovv\u00e4rt. Jag vet inte hur m\u00e5nga som t\u00e4nker p\u00e5 folknykterheten denna dag, men det borde vi nog g\u00f6ra, denna dag och andra. \u00d6verdriven alkoholkonsumtion och missbruk av droger st\u00e5r bakom m\u00e5nga personliga tragedier och m\u00e5nga stora samh\u00e4llsproblem.\u00a0<br>\u00a0<br>Kristihimmelsf\u00e4rdshelgen har p\u00e5 senare tid ocks\u00e5 blivit tid f\u00f6r s\u00e5 kallade \u201dkosl\u00e4pp\u201d, lite beroende p\u00e5 n\u00e4r den infaller. Men kanske \u00e4r det framf\u00f6r allt s\u00e5 att Kristi himmelsf\u00e4rd blivit en l\u00e5nghelg d\u00e5 m\u00e5nga planerar in tid f\u00f6r att f\u00e5 b\u00e5ten i sj\u00f6n, arbeta p\u00e5 fritidshuset eller i tr\u00e4dg\u00e5rden\u00a0eller kanske f\u00f6r att tr\u00e4ffa sl\u00e4kt och v\u00e4nner. Det \u00e4r bra alltihop. \u00c4nd\u00e5 \u00e4r det lite illa att vi missar den verkligt stora po\u00e4ngen med helgen, f\u00f6r budskapet om Kristi himmelsf\u00e4rd \u00e4r en mycket central sak i den kristna teologin. Evangelisten Markus\u00a0som visste att formulera sig kort och koncist\u00a0skriver, Mark 16:19: \u201dN\u00e4r Herren Jesus hade talat till dem, togs han upp till himlen och satte sig p\u00e5 Guds h\u00f6gra sida.\u201d\u00a0<br>\u00a0<br>Kristi himmelsf\u00e4rd \u00e4r en helg med m\u00e5nga budskap. H\u00e4r \u00e4r n\u00e5gra:<br>\u00a0<br><strong>1. Kristi himmelsf\u00e4rd fullbordar p\u00e5skens budskap<\/strong><br>\u00a0<br>Jonas Jonsson, teologie doktor och biskop emeritus: &#8211; Man m\u00e5ste se den h\u00e4r helgen som en final p\u00e5 p\u00e5skh\u00f6gtiden. Utan Kristi himmelsf\u00e4rd f\u00f6rlorar p\u00e5sken sitt uppst\u00e5ndelsebudskap. Det viktiga med p\u00e5sken \u00e4r n\u00e4mligen att Kristus \u00e5terf\u00f6renas med sin fader. Det s\u00e4ger oss att Gud fortfarande lever och verkar och talar om Kristi n\u00e4rvaro h\u00e4r och nu. Att m\u00e5nga kan uppleva Guds n\u00e4rvaro \u00e4r tack vare att Kristus \u00e4r \u00e5terf\u00f6renad med Gud. (K\u00e4lla: Dagen, 18 maj 2012)<br>\u00a0<br>Kristi himmelsf\u00e4rd, d.v.s. Jesu \u00e5terv\u00e4ndande hem och \u00e5terins\u00e4ttande p\u00e5 maktens h\u00f6gra sida, f\u00f6ruts\u00e4gs p\u00e5 ett f\u00f6runderligt s\u00e4tt i Ps 110:1-2: \u201dHERREN sade till min Herre: \u2019S\u00e4tt dig p\u00e5 min h\u00f6gra sida tills jag lagt dina fiender som en pall under dina f\u00f6tter.\u2019 Din makts spira ska HERREN str\u00e4cka ut fr\u00e5n Sion. H\u00e4rska mitt bland dina fiender!\u2019\u201d<br>Detta \u00e4r Faderns\u00a0ord till Sonen, efter hans fullbordade verk. Efter Jesu liv, d\u00f6d och uppst\u00e5ndelse f\u00e5r han tillbaka den plats han l\u00e4mnade\u00a0n\u00e4r han kom f\u00f6r att leva som m\u00e4nniska p\u00e5 jorden, platsen vid Guds h\u00f6gra sida. Fr\u00e5n den platsen f\u00e5r han nu se hur det han gjort f\u00e5r konsekvenser i m\u00e4nniskors liv och i historien fram till den dag han ska komma tillbaka till oss f\u00f6r att slutf\u00f6ra allt.\u00a0<br>\u00a0<br><strong>2. Jesu himmelsf\u00e4rd knyts samman med pingsten<\/strong><br>\u00a0<br>Joh 16:7: \u201dDet \u00e4r f\u00f6r ert b\u00e4sta som jag g\u00e5r bort. F\u00f6r om jag inte g\u00e5r bort, kommer inte Hj\u00e4lparen till er. Men n\u00e4r jag g\u00e5r bort ska jag s\u00e4nda honom till er.\u201d<br>Jesus har satt sig. Han har \u00e5terinsats p\u00e5 Guds h\u00f6gra sida. Nu s\u00e4nder han sin Ande \u00f6ver sin kyrka. Detta inleder f\u00f6rsamlingens tid p\u00e5 jorden, f\u00f6rsamlingens och Andens tid, \u201dn\u00e4r den helige Ande kommer \u00f6ver er, ska ni f\u00e5 kraft\u201d.<br>\u00a0<br>N\u00e4r Jesus gjort det som m\u00e5ste g\u00f6ras kan Anden forts\u00e4tta verket, Joh 7:38-39: \u201d\u2019Den som tror p\u00e5 mig, som Skriften s\u00e4ger, ur hans innersta ska str\u00f6mmar av levande vatten flyta fram.\u2019 Detta sade han om Anden, som de skulle f\u00e5 som trodde p\u00e5 honom. Anden hade n\u00e4mligen inte kommit \u00e4n, eftersom Jesus \u00e4nnu inte hade blivit f\u00f6rh\u00e4rligad.\u201d<br>\u00a0<br><strong>3. Och sist, Jesu himmelsf\u00e4rd rymmer ett l\u00f6fte om hans \u00e5terkomst<\/strong><br>\u00a0<br>Det finns en underbar rikedom i detta. Kristi himmelsf\u00e4rd handlar om vad Jesus gjort, vad Anden g\u00f6r och hur allt en dag ska slutf\u00f6ras: \u201dDenne Jesus som togs upp fr\u00e5n er till himlen, han ska komma tillbaka p\u00e5 samma s\u00e4tt som ni s\u00e5g honom stiga upp till himlen.&#8221;<br>\u00a0<br>S\u00e5\u2026 g\u00e5 g\u00e4rna p\u00e5 ett kosl\u00e4pp i helgen, s\u00e4tt ut b\u00e5ten i sj\u00f6n och n\u00e5gra fr\u00f6n i marken\u2026 eller vad du nu t\u00e4nkt, men gl\u00f6m inte att ocks\u00e5 g\u00f6ra som l\u00e4rjungarna. Lyft blicken mot Himlen en liten stund och t\u00e4nk p\u00e5 att Jesus, trots allt som h\u00e4nder i v\u00e4rlden och hur sv\u00e5rt det \u00e4n ser ut, sitter p\u00e5 Guds h\u00f6gra sida, att Anden verkar i v\u00e4rlden\u00a0och att allt en dag ska fullbordas och skapelsen bli ny, Upp 21:5: \u201dOch han som satt p\u00e5 tronen sade: \u2019Se, jag g\u00f6r allting nytt.\u2019\u201d<br>\u00a0<br>Micael Nilsson<br>Pastor, Tabernaklet, G\u00f6teborg<\/p>\n","protected":false},"excerpt":{"rendered":"<p>En helg med m\u00e5nga budskap\u00a0S\u00e5 h\u00e4r ber\u00e4ttar Lukas, Apg 1:6-11: \u201dN\u00e4r de nu var samlade fr\u00e5gade de honom: \u2019Herre, \u00e4r tiden nu inne d\u00e5 du ska \u00e5teruppr\u00e4tta riket \u00e5t Israel?\u2019 Han svarade dem: \u2019Det \u00e4r inte er sak att veta vilka tider eller stunder som Fadern i sin makt har best\u00e4mt. Men n\u00e4r den helige &hellip; <a href=\"https:\/\/www.tabernaklet.se\/?p=3480\" class=\"more-link\">Forts\u00e4tt l\u00e4sa<span class=\"screen-reader-text\"> \u201dKristi himmelsf\u00e4rd\u201d<\/span><\/a><\/p>\n","protected":false},"author":3,"featured_media":3481,"comment_status":"closed","ping_status":"closed","sticky":false,"template":"","format":"standard","meta":{"footnotes":""},"categories":[1],"tags":[],"class_list":["post-3480","post","type-post","status-publish","format-standard","has-post-thumbnail","hentry","category-tankvart"],"_links":{"self":[{"href":"https:\/\/www.tabernaklet.se\/index.php?rest_route=\/wp\/v2\/posts\/3480","targetHints":{"allow":["GET"]}}],"collection":[{"href":"https:\/\/www.tabernaklet.se\/index.php?rest_route=\/wp\/v2\/posts"}],"about":[{"href":"https:\/\/www.tabernaklet.se\/index.php?rest_route=\/wp\/v2\/types\/post"}],"author":[{"embeddable":true,"href":"https:\/\/www.tabernaklet.se\/index.php?rest_route=\/wp\/v2\/users\/3"}],"replies":[{"embeddable":true,"href":"https:\/\/www.tabernaklet.se\/index.php?rest_route=%2Fwp%2Fv2%2Fcomments&post=3480"}],"version-history":[{"count":1,"href":"https:\/\/www.tabernaklet.se\/index.php?rest_route=\/wp\/v2\/posts\/3480\/revisions"}],"predecessor-version":[{"id":3482,"href":"https:\/\/www.tabernaklet.se\/index.php?rest_route=\/wp\/v2\/posts\/3480\/revisions\/3482"}],"wp:featuredmedia":[{"embeddable":true,"href":"https:\/\/www.tabernaklet.se\/index.php?rest_route=\/wp\/v2\/media\/3481"}],"wp:attachment":[{"href":"https:\/\/www.tabernaklet.se\/index.php?rest_route=%2Fwp%2Fv2%2Fmedia&parent=3480"}],"wp:term":[{"taxonomy":"category","embeddable":true,"href":"https:\/\/www.tabernaklet.se\/index.php?rest_route=%2Fwp%2Fv2%2Fcategories&post=3480"},{"taxonomy":"post_tag","embeddable":true,"href":"https:\/\/www.tabernaklet.se\/index.php?rest_route=%2Fwp%2Fv2%2Ftags&post=3480"}],"curies":[{"name":"wp","href":"https:\/\/api.w.org\/{rel}","templated":true}]}}